{"id":139740,"date":"2026-04-20T07:19:02","date_gmt":"2026-04-20T07:19:02","guid":{"rendered":"https:\/\/astroideal.com\/blog\/oracion-arcangel-miguel-proteccion\/"},"modified":"2026-04-20T07:27:01","modified_gmt":"2026-04-20T07:27:01","slug":"oracion-arcangel-miguel-proteccion","status":"publish","type":"post","link":"https:\/\/astroideal.com\/blog\/oracion-arcangel-miguel-proteccion\/","title":{"rendered":"\u00bfQu\u00e9 es la oraci\u00f3n al Arc\u00e1ngel Miguel para protecci\u00f3n? Corte de lazos negativos"},"content":{"rendered":"<p><![CDATA[\n\n<p>La <strong>oraci\u00f3n al Arc\u00e1ngel Miguel para protecci\u00f3n<\/strong> es una invocaci\u00f3n cristiana ancestral dirigida al pr\u00edncipe de los ej\u00e9rcitos celestiales para solicitar defensa contra energ\u00edas negativas, miedos y lazos k\u00e1rmicos. Seg\u00fan los especialistas de Astroideal, esta oraci\u00f3n act\u00faa como un escudo espiritual de luz azul-violeta que corta todo aquello que no vibra en amor y verdad, siendo una de las plegarias m\u00e1s poderosas del cristianismo y el esoterismo angelical moderno.<\/p>\n\n\n\n\n\n<h2>\u00bfQu\u00e9 es la oraci\u00f3n al Arc\u00e1ngel Miguel y cu\u00e1l es su texto?<\/h2>\n\n\n\n\n<p>Existen varias versiones. La m\u00e1s conocida es la del Papa Le\u00f3n XIII (1886), pero la versi\u00f3n esot\u00e9rica moderna a\u00f1ade el corte de lazos con la llama azul-violeta. El texto completo tradicional es:<\/p>\n\n\n\n\n<p><em>\u00abSan Miguel Arc\u00e1ngel, defi\u00e9ndenos en la lucha. S\u00e9 nuestro amparo contra las perversidades y asechanzas del demonio. Repr\u00edmale Dios, pedimos suplicantes, y t\u00fa, pr\u00edncipe de la milicia celestial, arroja al infierno con el divino poder, a Satan\u00e1s y a los otros esp\u00edritus malignos que andan dispersos por el mundo para la perdici\u00f3n de las almas. Am\u00e9n.\u00bb<\/em><\/p>\n\n\n\n\n\n<h2>\u00bfCu\u00e1ndo se debe rezar la oraci\u00f3n al Arc\u00e1ngel Miguel?<\/h2>\n\n\n\n\n<p>Se reza en situaciones espec\u00edficas de protecci\u00f3n y corte de energ\u00edas. No es una plegaria cotidiana sino un recurso de defensa espiritual. Estos son los mejores momentos para rezarla:<\/p>\n\n\n\n\n\n<table>\n\n\n<thead>\n\n<tr>\n\n<th>Situaci\u00f3n<\/th>\n\n\n\n<th>Intenci\u00f3n<\/th>\n\n\n\n<th>Frecuencia<\/th>\n\n<\/tr>\n\n<\/thead>\n\n\n\n\n<tbody>\n\n\n<tr>\n\n<td>Miedo o pesadillas<\/td>\n\n\n\n<td>Protecci\u00f3n nocturna<\/td>\n\n\n\n<td>Antes de dormir<\/td>\n\n<\/tr>\n\n\n\n\n<tr>\n\n<td>Relaci\u00f3n t\u00f3xica<\/td>\n\n\n\n<td>Cortar lazos negativos<\/td>\n\n\n\n<td>3 d\u00edas seguidos<\/td>\n\n<\/tr>\n\n\n\n\n<tr>\n\n<td>Ambiente cargado<\/td>\n\n\n\n<td>Limpieza energ\u00e9tica<\/td>\n\n\n\n<td>Al entrar o salir<\/td>\n\n<\/tr>\n\n\n\n\n<tr>\n\n<td>Ataques ps\u00edquicos<\/td>\n\n\n\n<td>Escudo espiritual<\/td>\n\n\n\n<td>9 veces consecutivas<\/td>\n\n<\/tr>\n\n\n\n\n<tr>\n\n<td>Protecci\u00f3n familiar<\/td>\n\n\n\n<td>Resguardo del hogar<\/td>\n\n\n\n<td>Lunes al amanecer<\/td>\n\n<\/tr>\n\n\n<\/tbody>\n\n\n<\/table>\n\n\n\n\n\n<h2>\u00bfC\u00f3mo hacer el ritual de corte de lazos con el Arc\u00e1ngel Miguel?<\/h2>\n\n\n\n\n<p>El corte de lazos es una meditaci\u00f3n guiada donde visualizas la espada flam\u00edgera azul-violeta del Arc\u00e1ngel cortando energ\u00e9ticamente las cuerdas que te unen a personas, lugares o situaciones t\u00f3xicas. Sigue estos pasos:<\/p>\n\n\n\n\n\n<ol>\n\n\n<li>Enciende una vela blanca o azul.<\/li>\n\n\n\n\n<li>Si\u00e9ntate en silencio y cierra los ojos.<\/li>\n\n\n\n\n<li>Invoca: \u00abAmado Arc\u00e1ngel Miguel, te pido protecci\u00f3n.\u00bb<\/li>\n\n\n\n\n<li>Visualiza una luz azul zafiro rode\u00e1ndote completamente.<\/li>\n\n\n\n\n<li>Visualiza los lazos energ\u00e9ticos que te unen a lo que quieres soltar.<\/li>\n\n\n\n\n<li>Pide al Arc\u00e1ngel que los corte con su espada flam\u00edgera.<\/li>\n\n\n\n\n<li>Agradece y visualiza luz violeta sellando tu campo energ\u00e9tico.<\/li>\n\n\n\n\n<li>Cierra con: \u00abGracias, gracias, gracias. As\u00ed es.\u00bb<\/li>\n\n\n<\/ol>\n\n\n\n\n\n<h2>\u00bfQui\u00e9n es el Arc\u00e1ngel Miguel en la tradici\u00f3n espiritual?<\/h2>\n\n\n\n\n<p>Miguel significa \u00abquien como Dios\u00bb en hebreo. Es el jefe del ej\u00e9rcito celestial y aparece en la Biblia, el Cor\u00e1n y la Tor\u00e1. En la tradici\u00f3n espiritual moderna se le asocia con el rayo azul-zafiro, la fuerza, la verdad y el coraje. Es especialmente invocado por polic\u00edas, militares, bomberos y personas en situaciones de riesgo. Para m\u00e1s protecci\u00f3n espiritual, consulta nuestra gu\u00eda sobre <a href=\"https:\/\/astroideal.com\/blog\/proteccion-energetica-tarotistas\/\">protecci\u00f3n energ\u00e9tica<\/a>.<\/p>\n\n\n\n\n\n<h2>\u00bfQu\u00e9 beneficios tiene rezar al Arc\u00e1ngel Miguel?<\/h2>\n\n\n\n\n<p>Entre los beneficios reportados est\u00e1n: sensaci\u00f3n de paz profunda, liberaci\u00f3n de miedos nocturnos, corte de relaciones t\u00f3xicas, mayor valent\u00eda para tomar decisiones importantes y protecci\u00f3n en viajes. Si vives una situaci\u00f3n cr\u00edtica, tambi\u00e9n puedes apoyarte con una <a href=\"https:\/\/astroideal.com\/tarot-telefonico\/\">consulta de tarot telef\u00f3nico<\/a> para orientaci\u00f3n espiritual.<\/p>\n\n\n\n\n\n<h2>\u00bfC\u00f3mo combinar la oraci\u00f3n con otros rituales?<\/h2>\n\n\n\n\n<p>Puedes combinarla con sahumerios de salvia, incienso de copal, velas azules o violetas, y cristales como la sodalita o el lapisl\u00e1zuli. Tambi\u00e9n se potencia al practicarla durante la luna llena o los lunes (d\u00eda angelical tradicional). Consulta con <a href=\"https:\/\/astroideal.com\/videntes-buenas-y-fiables\/\">videntes fiables<\/a> si necesitas gu\u00eda espiritual personalizada.<\/p>\n\n\n\n\n\n<h2>\u00bfEl Arc\u00e1ngel Miguel puede ayudar con situaciones financieras dif\u00edciles?<\/h2>\n\n\n\n\n<p>S\u00ed. Aunque su especialidad es la protecci\u00f3n, tambi\u00e9n ayuda a cortar lazos con patrones de escasez y miedos econ\u00f3micos. Rezar antes de una decisi\u00f3n financiera importante aporta claridad y valent\u00eda. Puedes complementar con una <a href=\"https:\/\/astroideal.com\/tarot-online\/\">tirada de tarot online<\/a> espec\u00edfica sobre dinero.<\/p>\n\n\n\n\n\n<h2>Contexto y matices de la oraci\u00f3n al Arc\u00e1ngel Miguel<\/h2>\n\n\n\n\n<p>Las oraciones son expresiones de fe personal. Respetamos todas las tradiciones espirituales y reconocemos que cada persona las vive seg\u00fan sus creencias. No sustituyen la atenci\u00f3n psicol\u00f3gica ni m\u00e9dica cuando existen s\u00edntomas graves de ansiedad, paranoia o problemas de salud mental. Son herramientas complementarias de bienestar espiritual.<\/p>\n\n\n\n\n\n<h2>Preguntas frecuentes sobre la oraci\u00f3n al Arc\u00e1ngel Miguel<\/h2>\n\n\n\n\n\n<h3>\u00bfCu\u00e1ntas veces se reza la oraci\u00f3n al Arc\u00e1ngel Miguel?<\/h3>\n\n\n\n\n<p>Tradicionalmente 3 veces seguidas o 9 veces si la protecci\u00f3n buscada es intensa.<\/p>\n\n\n\n\n\n<h3>\u00bfQu\u00e9 color representa al Arc\u00e1ngel Miguel?<\/h3>\n\n\n\n\n<p>El azul zafiro el\u00e9ctrico, a veces combinado con toques dorados o violetas.<\/p>\n\n\n\n\n\n<h3>\u00bfCu\u00e1l es el d\u00eda del Arc\u00e1ngel Miguel?<\/h3>\n\n\n\n\n<p>El 29 de septiembre es su festividad cristiana. Los lunes son su d\u00eda angelical.<\/p>\n\n\n\n\n\n<h3>\u00bfHay piedras asociadas al Arc\u00e1ngel Miguel?<\/h3>\n\n\n\n\n<p>S\u00ed: lapisl\u00e1zuli, sodalita, turquesa y amatista. Los <a href=\"https:\/\/astroideal.com\/blog\/lapislazuli-propiedades\/\">lapisl\u00e1zuli<\/a> son especialmente potentes.<\/p>\n\n\n\n\n\n<h3>\u00bfPuedo rezar esta oraci\u00f3n siendo no cat\u00f3lico?<\/h3>\n\n\n\n\n<p>S\u00ed. El Arc\u00e1ngel Miguel es un arquetipo espiritual universal presente en m\u00faltiples tradiciones.<\/p>\n\n\n\n\n\n<h3>\u00bfQu\u00e9 hacer si siento la presencia del Arc\u00e1ngel?<\/h3>\n\n\n\n\n<p>Agradecer y permanecer en calma. Algunas personas sienten cosquilleo, fr\u00edo s\u00fabito o visi\u00f3n de destellos azules.<\/p>\n\n\n\n\n\n<h3>\u00bfPuedo rezar por otra persona?<\/h3>\n\n\n\n\n<p>S\u00ed. Incluye su nombre en la oraci\u00f3n pidiendo que reciba luz y protecci\u00f3n.<\/p>\n\n\n\n\n\n<h3>\u00bfCu\u00e1ndo no se debe rezar esta oraci\u00f3n?<\/h3>\n\n\n\n\n<p>En momentos de rabia extrema hacia otra persona. Espera a calmarte para que la intenci\u00f3n sea pura.<\/p>\n\n\n\n\n\n<h3>\u00bfEs la misma oraci\u00f3n que el Via Crucis?<\/h3>\n\n\n\n\n<p>No. Son oraciones distintas, aunque pueden combinarse en la misma pr\u00e1ctica devocional.<\/p>\n\n\n\n\n\n<h3>\u00bfSe puede escribir la oraci\u00f3n en un papel?<\/h3>\n\n\n\n\n<p>S\u00ed. Muchas personas la escriben y la guardan bajo la almohada o en la cartera.<\/p>\n\n\n\n\n\n<h3>\u00bfHay incienso espec\u00edfico para el Arc\u00e1ngel Miguel?<\/h3>\n\n\n\n\n<p>S\u00ed: incienso de mirra, s\u00e1ndalo o copal blanco potencia la invocaci\u00f3n.<\/p>\n\n\n\n\n\n<h3>\u00bfPuedo combinar con tarot?<\/h3>\n\n\n\n\n<p>S\u00ed. Un <a href=\"https:\/\/astroideal.com\/tarot-si-o-no\/\">tarot s\u00ed o no<\/a> o una <a href=\"https:\/\/astroideal.com\/tarot-telefonico-24-horas\/\">consulta urgente 24 horas<\/a> complementan la gu\u00eda espiritual.<\/p>\n\n\n]]><\/p>\n","protected":false},"excerpt":{"rendered":"<p>La oraci\u00f3n al Arc\u00e1ngel Miguel para protecci\u00f3n es una invocaci\u00f3n cristiana ancestral dirigida al pr\u00edncipe de los ej\u00e9rcitos celestiales para<\/p>\n","protected":false},"author":81,"featured_media":0,"comment_status":"closed","ping_status":"","sticky":false,"template":"","format":"standard","meta":{"_yoast_wpseo_focuskw":"oraci\u00f3n arc\u00e1ngel miguel protecci\u00f3n","_yoast_wpseo_title":"","_yoast_wpseo_metadesc":"\u00bfQu\u00e9 es la oraci\u00f3n al Arc\u00e1ngel Miguel? Oraci\u00f3n de protecci\u00f3n y corte de lazos negativos. Texto completo, cu\u00e1ndo rezarla y c\u00f3mo hacer la invocaci\u00f3n.","_yoast_wpseo_linkdex":"80","_yoast_wpseo_content_score":"90","_yoast_wpseo_is_cornerstone":"","_yoast_wpseo_meta-robots-noindex":"","_yoast_wpseo_meta-robots-nofollow":"","_yoast_wpseo_bctitle":"","_yoast_wpseo_canonical":"","_yoast_wpseo_opengraph-title":"","_yoast_wpseo_opengraph-description":"","_yoast_wpseo_twitter-title":"","_yoast_wpseo_twitter-description":"","_monsterinsights_skip_tracking":false,"_monsterinsights_sitenote_active":false,"_monsterinsights_sitenote_note":"","_monsterinsights_sitenote_category":0,"footnotes":""},"categories":[1],"tags":[],"class_list":["post-139740","post","type-post","status-publish","format-standard","hentry","category-uncategorized"],"yoast_head":"<!-- This site is optimized with the Yoast SEO plugin v20.5 - https:\/\/yoast.com\/wordpress\/plugins\/seo\/ -->\n<title>\u00bfQu\u00e9 es la oraci\u00f3n al Arc\u00e1ngel Miguel para protecci\u00f3n? Corte de lazos negativos - Astroideal<\/title>\n<meta name=\"description\" content=\"\u00bfQu\u00e9 es la oraci\u00f3n al Arc\u00e1ngel Miguel? Oraci\u00f3n de protecci\u00f3n y corte de lazos negativos. Texto completo, cu\u00e1ndo rezarla y c\u00f3mo hacer la invocaci\u00f3n.\" \/>\n<meta name=\"robots\" content=\"index, follow, max-snippet:-1, max-image-preview:large, max-video-preview:-1\" \/>\n<link rel=\"canonical\" href=\"https:\/\/astroideal.com\/blog\/oracion-arcangel-miguel-proteccion\/\" \/>\n<meta property=\"og:locale\" content=\"es_ES\" \/>\n<meta property=\"og:type\" content=\"article\" \/>\n<meta property=\"og:title\" content=\"\u00bfQu\u00e9 es la oraci\u00f3n al Arc\u00e1ngel Miguel para protecci\u00f3n? Corte de lazos negativos - Astroideal\" \/>\n<meta property=\"og:description\" content=\"\u00bfQu\u00e9 es la oraci\u00f3n al Arc\u00e1ngel Miguel? Oraci\u00f3n de protecci\u00f3n y corte de lazos negativos. Texto completo, cu\u00e1ndo rezarla y c\u00f3mo hacer la invocaci\u00f3n.\" \/>\n<meta property=\"og:url\" content=\"https:\/\/astroideal.com\/blog\/oracion-arcangel-miguel-proteccion\/\" \/>\n<meta property=\"og:site_name\" content=\"Astroideal\" \/>\n<meta property=\"article:publisher\" content=\"https:\/\/www.facebook.com\/astroideal\/\" \/>\n<meta property=\"article:published_time\" content=\"2026-04-20T07:19:02+00:00\" \/>\n<meta property=\"article:modified_time\" content=\"2026-04-20T07:27:01+00:00\" \/>\n<meta name=\"author\" content=\"Enrique Martinez\" \/>\n<meta name=\"twitter:card\" content=\"summary_large_image\" \/>\n<meta name=\"twitter:label1\" content=\"Escrito por\" \/>\n\t<meta name=\"twitter:data1\" content=\"Enrique Martinez\" \/>\n\t<meta name=\"twitter:label2\" content=\"Tiempo de lectura\" \/>\n\t<meta name=\"twitter:data2\" content=\"5 minutos\" \/>\n<script type=\"application\/ld+json\" class=\"yoast-schema-graph\">{\"@context\":\"https:\/\/schema.org\",\"@graph\":[{\"@type\":\"Article\",\"@id\":\"https:\/\/astroideal.com\/blog\/oracion-arcangel-miguel-proteccion\/#article\",\"isPartOf\":{\"@id\":\"https:\/\/astroideal.com\/blog\/oracion-arcangel-miguel-proteccion\/\"},\"author\":{\"name\":\"Enrique Martinez\",\"@id\":\"https:\/\/astroideal.com\/blog\/#\/schema\/person\/d0b7d4772cae5201448f17133926b203\"},\"headline\":\"\u00bfQu\u00e9 es la oraci\u00f3n al Arc\u00e1ngel Miguel para protecci\u00f3n? Corte de lazos negativos\",\"datePublished\":\"2026-04-20T07:19:02+00:00\",\"dateModified\":\"2026-04-20T07:27:01+00:00\",\"mainEntityOfPage\":{\"@id\":\"https:\/\/astroideal.com\/blog\/oracion-arcangel-miguel-proteccion\/\"},\"wordCount\":1042,\"publisher\":{\"@id\":\"https:\/\/astroideal.com\/blog\/#organization\"},\"articleSection\":[\"Uncategorized\"],\"inLanguage\":\"es\"},{\"@type\":\"WebPage\",\"@id\":\"https:\/\/astroideal.com\/blog\/oracion-arcangel-miguel-proteccion\/\",\"url\":\"https:\/\/astroideal.com\/blog\/oracion-arcangel-miguel-proteccion\/\",\"name\":\"\u00bfQu\u00e9 es la oraci\u00f3n al Arc\u00e1ngel Miguel para protecci\u00f3n? Corte de lazos negativos - Astroideal\",\"isPartOf\":{\"@id\":\"https:\/\/astroideal.com\/blog\/#website\"},\"datePublished\":\"2026-04-20T07:19:02+00:00\",\"dateModified\":\"2026-04-20T07:27:01+00:00\",\"description\":\"\u00bfQu\u00e9 es la oraci\u00f3n al Arc\u00e1ngel Miguel? Oraci\u00f3n de protecci\u00f3n y corte de lazos negativos. Texto completo, cu\u00e1ndo rezarla y c\u00f3mo hacer la invocaci\u00f3n.\",\"breadcrumb\":{\"@id\":\"https:\/\/astroideal.com\/blog\/oracion-arcangel-miguel-proteccion\/#breadcrumb\"},\"inLanguage\":\"es\",\"potentialAction\":[{\"@type\":\"ReadAction\",\"target\":[\"https:\/\/astroideal.com\/blog\/oracion-arcangel-miguel-proteccion\/\"]}]},{\"@type\":\"BreadcrumbList\",\"@id\":\"https:\/\/astroideal.com\/blog\/oracion-arcangel-miguel-proteccion\/#breadcrumb\",\"itemListElement\":[{\"@type\":\"ListItem\",\"position\":1,\"name\":\"Home\",\"item\":\"https:\/\/astroideal.com\/blog\/\"},{\"@type\":\"ListItem\",\"position\":2,\"name\":\"\u00bfQu\u00e9 es la oraci\u00f3n al Arc\u00e1ngel Miguel para protecci\u00f3n? Corte de lazos negativos\"}]},{\"@type\":\"WebSite\",\"@id\":\"https:\/\/astroideal.com\/blog\/#website\",\"url\":\"https:\/\/astroideal.com\/blog\/\",\"name\":\"Astroideal\",\"description\":\"Blog\",\"publisher\":{\"@id\":\"https:\/\/astroideal.com\/blog\/#organization\"},\"potentialAction\":[{\"@type\":\"SearchAction\",\"target\":{\"@type\":\"EntryPoint\",\"urlTemplate\":\"https:\/\/astroideal.com\/blog\/?s={search_term_string}\"},\"query-input\":\"required name=search_term_string\"}],\"inLanguage\":\"es\"},{\"@type\":\"Organization\",\"@id\":\"https:\/\/astroideal.com\/blog\/#organization\",\"name\":\"Astroideal\",\"url\":\"https:\/\/astroideal.com\/blog\/\",\"logo\":{\"@type\":\"ImageObject\",\"inLanguage\":\"es\",\"@id\":\"https:\/\/astroideal.com\/blog\/#\/schema\/logo\/image\/\",\"url\":\"https:\/\/astroideal.com\/blog\/wp-content\/uploads\/2025\/09\/cropped-cropped-logo-transparent-1.png\",\"contentUrl\":\"https:\/\/astroideal.com\/blog\/wp-content\/uploads\/2025\/09\/cropped-cropped-logo-transparent-1.png\",\"width\":474,\"height\":140,\"caption\":\"Astroideal\"},\"image\":{\"@id\":\"https:\/\/astroideal.com\/blog\/#\/schema\/logo\/image\/\"},\"sameAs\":[\"https:\/\/www.facebook.com\/astroideal\/\",\"https:\/\/www.instagram.com\/astroideal_\",\"https:\/\/www.tiktok.com\/@astroideal_\",\"https:\/\/www.youtube.com\/@astroideal\"]},{\"@type\":\"Person\",\"@id\":\"https:\/\/astroideal.com\/blog\/#\/schema\/person\/d0b7d4772cae5201448f17133926b203\",\"name\":\"Enrique Martinez\",\"image\":{\"@type\":\"ImageObject\",\"inLanguage\":\"es\",\"@id\":\"https:\/\/astroideal.com\/blog\/#\/schema\/person\/image\/\",\"url\":\"https:\/\/secure.gravatar.com\/avatar\/74dc1bf9737f2958e6883b8d96e5fe7cb33b883755bb9ea5ad24a0e28c29e12c?s=96&d=mm&r=g\",\"contentUrl\":\"https:\/\/secure.gravatar.com\/avatar\/74dc1bf9737f2958e6883b8d96e5fe7cb33b883755bb9ea5ad24a0e28c29e12c?s=96&d=mm&r=g\",\"caption\":\"Enrique Martinez\"},\"sameAs\":[\"https:\/\/astroideal.com\"],\"url\":\"https:\/\/astroideal.com\/blog\/author\/enrique\/\"}]}<\/script>\n<!-- \/ Yoast SEO plugin. -->","yoast_head_json":{"title":"\u00bfQu\u00e9 es la oraci\u00f3n al Arc\u00e1ngel Miguel para protecci\u00f3n? Corte de lazos negativos - Astroideal","description":"\u00bfQu\u00e9 es la oraci\u00f3n al Arc\u00e1ngel Miguel? Oraci\u00f3n de protecci\u00f3n y corte de lazos negativos. Texto completo, cu\u00e1ndo rezarla y c\u00f3mo hacer la invocaci\u00f3n.","robots":{"index":"index","follow":"follow","max-snippet":"max-snippet:-1","max-image-preview":"max-image-preview:large","max-video-preview":"max-video-preview:-1"},"canonical":"https:\/\/astroideal.com\/blog\/oracion-arcangel-miguel-proteccion\/","og_locale":"es_ES","og_type":"article","og_title":"\u00bfQu\u00e9 es la oraci\u00f3n al Arc\u00e1ngel Miguel para protecci\u00f3n? Corte de lazos negativos - Astroideal","og_description":"\u00bfQu\u00e9 es la oraci\u00f3n al Arc\u00e1ngel Miguel? Oraci\u00f3n de protecci\u00f3n y corte de lazos negativos. Texto completo, cu\u00e1ndo rezarla y c\u00f3mo hacer la invocaci\u00f3n.","og_url":"https:\/\/astroideal.com\/blog\/oracion-arcangel-miguel-proteccion\/","og_site_name":"Astroideal","article_publisher":"https:\/\/www.facebook.com\/astroideal\/","article_published_time":"2026-04-20T07:19:02+00:00","article_modified_time":"2026-04-20T07:27:01+00:00","author":"Enrique Martinez","twitter_card":"summary_large_image","twitter_misc":{"Escrito por":"Enrique Martinez","Tiempo de lectura":"5 minutos"},"schema":{"@context":"https:\/\/schema.org","@graph":[{"@type":"Article","@id":"https:\/\/astroideal.com\/blog\/oracion-arcangel-miguel-proteccion\/#article","isPartOf":{"@id":"https:\/\/astroideal.com\/blog\/oracion-arcangel-miguel-proteccion\/"},"author":{"name":"Enrique Martinez","@id":"https:\/\/astroideal.com\/blog\/#\/schema\/person\/d0b7d4772cae5201448f17133926b203"},"headline":"\u00bfQu\u00e9 es la oraci\u00f3n al Arc\u00e1ngel Miguel para protecci\u00f3n? Corte de lazos negativos","datePublished":"2026-04-20T07:19:02+00:00","dateModified":"2026-04-20T07:27:01+00:00","mainEntityOfPage":{"@id":"https:\/\/astroideal.com\/blog\/oracion-arcangel-miguel-proteccion\/"},"wordCount":1042,"publisher":{"@id":"https:\/\/astroideal.com\/blog\/#organization"},"articleSection":["Uncategorized"],"inLanguage":"es"},{"@type":"WebPage","@id":"https:\/\/astroideal.com\/blog\/oracion-arcangel-miguel-proteccion\/","url":"https:\/\/astroideal.com\/blog\/oracion-arcangel-miguel-proteccion\/","name":"\u00bfQu\u00e9 es la oraci\u00f3n al Arc\u00e1ngel Miguel para protecci\u00f3n? Corte de lazos negativos - Astroideal","isPartOf":{"@id":"https:\/\/astroideal.com\/blog\/#website"},"datePublished":"2026-04-20T07:19:02+00:00","dateModified":"2026-04-20T07:27:01+00:00","description":"\u00bfQu\u00e9 es la oraci\u00f3n al Arc\u00e1ngel Miguel? Oraci\u00f3n de protecci\u00f3n y corte de lazos negativos. Texto completo, cu\u00e1ndo rezarla y c\u00f3mo hacer la invocaci\u00f3n.","breadcrumb":{"@id":"https:\/\/astroideal.com\/blog\/oracion-arcangel-miguel-proteccion\/#breadcrumb"},"inLanguage":"es","potentialAction":[{"@type":"ReadAction","target":["https:\/\/astroideal.com\/blog\/oracion-arcangel-miguel-proteccion\/"]}]},{"@type":"BreadcrumbList","@id":"https:\/\/astroideal.com\/blog\/oracion-arcangel-miguel-proteccion\/#breadcrumb","itemListElement":[{"@type":"ListItem","position":1,"name":"Home","item":"https:\/\/astroideal.com\/blog\/"},{"@type":"ListItem","position":2,"name":"\u00bfQu\u00e9 es la oraci\u00f3n al Arc\u00e1ngel Miguel para protecci\u00f3n? Corte de lazos negativos"}]},{"@type":"WebSite","@id":"https:\/\/astroideal.com\/blog\/#website","url":"https:\/\/astroideal.com\/blog\/","name":"Astroideal","description":"Blog","publisher":{"@id":"https:\/\/astroideal.com\/blog\/#organization"},"potentialAction":[{"@type":"SearchAction","target":{"@type":"EntryPoint","urlTemplate":"https:\/\/astroideal.com\/blog\/?s={search_term_string}"},"query-input":"required name=search_term_string"}],"inLanguage":"es"},{"@type":"Organization","@id":"https:\/\/astroideal.com\/blog\/#organization","name":"Astroideal","url":"https:\/\/astroideal.com\/blog\/","logo":{"@type":"ImageObject","inLanguage":"es","@id":"https:\/\/astroideal.com\/blog\/#\/schema\/logo\/image\/","url":"https:\/\/astroideal.com\/blog\/wp-content\/uploads\/2025\/09\/cropped-cropped-logo-transparent-1.png","contentUrl":"https:\/\/astroideal.com\/blog\/wp-content\/uploads\/2025\/09\/cropped-cropped-logo-transparent-1.png","width":474,"height":140,"caption":"Astroideal"},"image":{"@id":"https:\/\/astroideal.com\/blog\/#\/schema\/logo\/image\/"},"sameAs":["https:\/\/www.facebook.com\/astroideal\/","https:\/\/www.instagram.com\/astroideal_","https:\/\/www.tiktok.com\/@astroideal_","https:\/\/www.youtube.com\/@astroideal"]},{"@type":"Person","@id":"https:\/\/astroideal.com\/blog\/#\/schema\/person\/d0b7d4772cae5201448f17133926b203","name":"Enrique Martinez","image":{"@type":"ImageObject","inLanguage":"es","@id":"https:\/\/astroideal.com\/blog\/#\/schema\/person\/image\/","url":"https:\/\/secure.gravatar.com\/avatar\/74dc1bf9737f2958e6883b8d96e5fe7cb33b883755bb9ea5ad24a0e28c29e12c?s=96&d=mm&r=g","contentUrl":"https:\/\/secure.gravatar.com\/avatar\/74dc1bf9737f2958e6883b8d96e5fe7cb33b883755bb9ea5ad24a0e28c29e12c?s=96&d=mm&r=g","caption":"Enrique Martinez"},"sameAs":["https:\/\/astroideal.com"],"url":"https:\/\/astroideal.com\/blog\/author\/enrique\/"}]}},"_yoast_wpseo_focuskw":"oraci\u00f3n arc\u00e1ngel miguel protecci\u00f3n","_yoast_wpseo_metadesc":"\u00bfQu\u00e9 es la oraci\u00f3n al Arc\u00e1ngel Miguel? Oraci\u00f3n de protecci\u00f3n y corte de lazos negativos. Texto completo, cu\u00e1ndo rezarla y c\u00f3mo hacer la invocaci\u00f3n.","_yoast_wpseo_title":"","_yoast_wpseo_linkdex":"80","_yoast_wpseo_content_score":"90","astroideal_podcast_title_es":"","astroideal_podcast_desc_es":"","astroideal_podcast_script_es":"","astroideal_podcast_title_en":"","astroideal_podcast_desc_en":"","astroideal_podcast_script_en":"","_links":{"self":[{"href":"https:\/\/astroideal.com\/blog\/wp-json\/wp\/v2\/posts\/139740","targetHints":{"allow":["GET"]}}],"collection":[{"href":"https:\/\/astroideal.com\/blog\/wp-json\/wp\/v2\/posts"}],"about":[{"href":"https:\/\/astroideal.com\/blog\/wp-json\/wp\/v2\/types\/post"}],"author":[{"embeddable":true,"href":"https:\/\/astroideal.com\/blog\/wp-json\/wp\/v2\/users\/81"}],"replies":[{"embeddable":true,"href":"https:\/\/astroideal.com\/blog\/wp-json\/wp\/v2\/comments?post=139740"}],"version-history":[{"count":1,"href":"https:\/\/astroideal.com\/blog\/wp-json\/wp\/v2\/posts\/139740\/revisions"}],"predecessor-version":[{"id":139760,"href":"https:\/\/astroideal.com\/blog\/wp-json\/wp\/v2\/posts\/139740\/revisions\/139760"}],"wp:attachment":[{"href":"https:\/\/astroideal.com\/blog\/wp-json\/wp\/v2\/media?parent=139740"}],"wp:term":[{"taxonomy":"category","embeddable":true,"href":"https:\/\/astroideal.com\/blog\/wp-json\/wp\/v2\/categories?post=139740"},{"taxonomy":"post_tag","embeddable":true,"href":"https:\/\/astroideal.com\/blog\/wp-json\/wp\/v2\/tags?post=139740"}],"curies":[{"name":"wp","href":"https:\/\/api.w.org\/{rel}","templated":true}]}}