{"id":129323,"date":"2026-01-01T10:24:58","date_gmt":"2026-01-01T10:24:58","guid":{"rendered":"https:\/\/astroideal.com\/blog\/?p=129323"},"modified":"2026-01-01T10:25:00","modified_gmt":"2026-01-01T10:25:00","slug":"carta-astral-para-comprender-vocacion-y-trabajo-desde-el-autoconocimiento-real","status":"publish","type":"post","link":"https:\/\/astroideal.com\/blog\/carta-astral-para-comprender-vocacion-y-trabajo-desde-el-autoconocimiento-real\/","title":{"rendered":"carta astral para comprender vocaci\u00f3n y trabajo desde el autoconocimiento real"},"content":{"rendered":"\n<p>Hablar de vocaci\u00f3n y trabajo desde el autoconocimiento real implica ir m\u00e1s all\u00e1 de t\u00edtulos, expectativas externas o ideas heredadas sobre el \u00e9xito profesional. Muchas personas sienten insatisfacci\u00f3n laboral no porque \u201celigieron mal\u201d, sino porque <strong>nunca se detuvieron a comprender c\u00f3mo funcionan internamente cuando trabajan<\/strong>. En este punto, la carta astral se convierte en una herramienta de an\u00e1lisis profundo y honesto.<\/p>\n\n\n\n<p>A diferencia de enfoques motivacionales o tests r\u00e1pidos, la astrolog\u00eda natal no propone respuestas inmediatas, sino un proceso de comprensi\u00f3n gradual. La carta astral permite observar <strong>patrones repetidos<\/strong>, conflictos entre deseo y obligaci\u00f3n, y la forma en que cada persona se relaciona con el esfuerzo, la ambici\u00f3n y la estabilidad. Este enfoque resulta especialmente valioso cuando el problema no es \u201cqu\u00e9 hacer\u201d, sino <strong>por qu\u00e9 nada termina de encajar<\/strong>.<\/p>\n\n\n\n<p>En procesos de revisi\u00f3n personal, algunas personas complementan esta mirada con recursos como una <a href=\"https:\/\/astroideal.com\/blog\/consulta-tarot-despido-asesoramiento\/\" target=\"_blank\" rel=\"noreferrer noopener\">consulta de tarot sobre despido y asesoramiento laboral<\/a> o una <a href=\"https:\/\/astroideal.com\/blog\/sesion-tarot-contrato-firma-decision\/\">sesi\u00f3n de tarot para contrato y fi<\/a><a href=\"https:\/\/astroideal.com\/blog\/sesion-tarot-contrato-firma-decision\/\" target=\"_blank\" rel=\"noreferrer noopener\">r<\/a><a href=\"https:\/\/astroideal.com\/blog\/sesion-tarot-contrato-firma-decision\/\">ma de decisiones profesionales<\/a>. Sin embargo, la carta astral ofrece un marco m\u00e1s amplio para comprender el origen de estas situaciones.<\/p>\n\n\n\n<p>En este art\u00edculo exploraremos <strong>c\u00f3mo usar la carta astral para entender vocaci\u00f3n y trabajo desde el autoconocimiento real<\/strong>, sin promesas vac\u00edas ni tecnicismos innecesarios.<\/p>\n\n\n\n<p>\u26a1 Definici\u00f3n r\u00e1pida:<\/p>\n\n\n\n<div style=\"border-left:4px solid #6A5BD2;padding:12px 16px;background:#F9F6FF;border-radius:6px\">\nLa carta astral es un mapa simb\u00f3lico basado en el nacimiento que permite comprender la vocaci\u00f3n y el trabajo desde el autoconocimiento real, analizando motivaciones internas, patrones de esfuerzo y la relaci\u00f3n personal con el \u00e9xito y la responsabilidad.\n<\/div>\n\n\n\n<hr class=\"wp-block-separator has-alpha-channel-opacity\" \/>\n\n\n\n<h2 class=\"wp-block-heading\">La carta astral como herramienta de autoconocimiento profesional<\/h2>\n\n\n\n<p>Desde una perspectiva de autoconocimiento, la carta astral no se interpreta como un \u201cmanual de empleo ideal\u201d, sino como un <strong>espejo estructural<\/strong>. Muestra c\u00f3mo una persona responde a la autoridad, c\u00f3mo gestiona el tiempo, qu\u00e9 le genera desgaste y qu\u00e9 le aporta sentido.<\/p>\n\n\n\n<p>Los factores clave para este an\u00e1lisis son:<\/p>\n\n\n\n<ul class=\"wp-block-list\">\n<li><strong>El Sol<\/strong>: identidad consciente y necesidad de expresi\u00f3n.<\/li>\n\n\n\n<li><strong>La Luna<\/strong>: respuesta emocional al entorno laboral.<\/li>\n\n\n\n<li><strong>Saturno<\/strong>: relaci\u00f3n con la responsabilidad y el l\u00edmite.<\/li>\n\n\n\n<li><strong>Casa VI<\/strong>: vivencia cotidiana del trabajo.<\/li>\n\n\n\n<li><strong>Casa X<\/strong>: direcci\u00f3n vocacional y proyecci\u00f3n social.<\/li>\n<\/ul>\n\n\n\n<p>Cuando estos elementos se analizan en conjunto, permiten identificar <strong>coherencias e incoherencias<\/strong> entre lo que una persona hace y lo que realmente necesita para sostenerse en el tiempo.<\/p>\n\n\n\n<p>\u270d\ufe0f Escrito por <strong>Carlos Ruiz<\/strong>, astr\u00f3logo humanista formado en la Fundaci\u00f3n Sophia (Madrid) y miembro de la Asociaci\u00f3n Ib\u00e9rica de Astrolog\u00eda, especializado en astrolog\u00eda vocacional y procesos de autoconocimiento, con 18 a\u00f1os de experiencia en consulta profesional y docencia astrol\u00f3gica aplicada.<\/p>\n\n\n\n<hr class=\"wp-block-separator has-alpha-channel-opacity\" \/>\n\n\n\n<h2 class=\"wp-block-heading\">Origen hist\u00f3rico del enfoque introspectivo en astrolog\u00eda vocacional<\/h2>\n\n\n\n<p>El v\u00ednculo entre astrolog\u00eda y autoconocimiento tiene ra\u00edces antiguas, pero su desarrollo moderno es relativamente reciente. En el siglo II d.C., <strong>Claudio Ptolomeo<\/strong>, en <em>Tetrabiblos<\/em>, describ\u00eda la relaci\u00f3n entre planetas y ocupaciones, aunque desde una \u00f3ptica social y funcional, no introspectiva. Estas ideas surgieron en Alejandr\u00eda, uno de los principales centros culturales del Mediterr\u00e1neo.<\/p>\n\n\n\n<p>Durante la Edad Media, astr\u00f3logos \u00e1rabes como <strong>Ab\u016b Ma\u02bfshar<\/strong> (siglo IX, Bagdad) ampliaron el an\u00e1lisis profesional incorporando nociones de destino y fortuna. Sin embargo, el enfoque segu\u00eda siendo externo: estatus, oficio y reconocimiento.<\/p>\n\n\n\n<p>El cambio se produce en el siglo XX con la astrolog\u00eda psicol\u00f3gica. <strong>Dane Rudhyar<\/strong>, influido por Carl Jung, reformul\u00f3 la carta natal como un proceso de individuaci\u00f3n. A partir de la d\u00e9cada de 1930 en Estados Unidos, la vocaci\u00f3n comenz\u00f3 a entenderse como <strong>expresi\u00f3n del sentido interno<\/strong>, no solo como funci\u00f3n social.<\/p>\n\n\n\n<p>La <em>Encyclopaedia Britannica<\/em> reconoce este giro hacia la interpretaci\u00f3n simb\u00f3lica y psicol\u00f3gica en la astrolog\u00eda contempor\u00e1nea (<a href=\"https:\/\/www.britannica.com\/topic\/astrology\" target=\"_blank\" rel=\"noreferrer noopener\">Britannica \u2013 Astrology<\/a>). Documentos conservados en la <strong>Biblioth\u00e8que Nationale de France<\/strong> muestran la transici\u00f3n hist\u00f3rica entre estos enfoques (<a href=\"https:\/\/www.bnf.fr\" target=\"_blank\" rel=\"noreferrer noopener\">BNF \u2013 Astrologie<\/a>).<\/p>\n\n\n\n<hr class=\"wp-block-separator has-alpha-channel-opacity\" \/>\n\n\n\n<h2 class=\"wp-block-heading\">Vocaci\u00f3n y trabajo en distintas tradiciones astrol\u00f3gicas<\/h2>\n\n\n\n<h3 class=\"wp-block-heading\">Tradici\u00f3n helen\u00edstica<\/h3>\n\n\n\n<p>Define la vocaci\u00f3n como rol social visible, centrada en la Casa X y su regente.<\/p>\n\n\n\n<h3 class=\"wp-block-heading\">Tradici\u00f3n medieval \u00e1rabe<\/h3>\n\n\n\n<p>Integra fortuna, recursos y estabilidad material como ejes del trabajo.<\/p>\n\n\n\n<h3 class=\"wp-block-heading\">Astrolog\u00eda psicol\u00f3gica moderna<\/h3>\n\n\n\n<p>Concibe la vocaci\u00f3n como coherencia entre identidad, valores y acci\u00f3n sostenida.<\/p>\n\n\n\n<p>Estas tradiciones muestran que el significado del trabajo <strong>evoluciona con la cultura<\/strong>, algo ampliamente documentado en la historia de la astrolog\u00eda (<a href=\"https:\/\/en.wikipedia.org\/wiki\/History_of_astrology\" target=\"_blank\" rel=\"noreferrer noopener\">Wikipedia \u2013 History of Astrology<\/a>).<\/p>\n\n\n\n<hr class=\"wp-block-separator has-alpha-channel-opacity\" \/>\n\n\n\n<h2 class=\"wp-block-heading\">Interpretaci\u00f3n vocacional desde el autoconocimiento real<\/h2>\n\n\n\n<p>Desde este enfoque, la interpretaci\u00f3n no busca etiquetas profesionales, sino respuestas a preguntas esenciales:<\/p>\n\n\n\n<ul class=\"wp-block-list\">\n<li>\u00bfQu\u00e9 tipo de esfuerzo me resulta sostenible?<\/li>\n\n\n\n<li>\u00bfQu\u00e9 conflictos internos aparecen en mi vida laboral?<\/li>\n\n\n\n<li>\u00bfQu\u00e9 necesito para sentir que mi trabajo tiene sentido?<\/li>\n<\/ul>\n\n\n\n<p>Por ejemplo, un <strong>Saturno dominante<\/strong> puede indicar una relaci\u00f3n exigente con el deber, mientras que una Luna sensible puede necesitar seguridad emocional en el entorno laboral. Estas configuraciones no son \u201cbuenas\u201d o \u201cmalas\u201d, sino <strong>descriptivas<\/strong>.<\/p>\n\n\n\n<p>El autoconocimiento real surge cuando la persona reconoce estos patrones sin idealizarlos.<\/p>\n\n\n\n<hr class=\"wp-block-separator has-alpha-channel-opacity\" \/>\n\n\n\n<h2 class=\"wp-block-heading\">Relaci\u00f3n con otras herramientas de orientaci\u00f3n personal<\/h2>\n\n\n\n<figure class=\"wp-block-table\"><table class=\"has-fixed-layout\"><thead><tr><th>Herramienta<\/th><th>Enfoque<\/th><th>Aporte principal<\/th><\/tr><\/thead><tbody><tr><td>Carta astral<\/td><td>Estructural e interno<\/td><td>Autoconocimiento profundo<\/td><\/tr><tr><td>Tarot laboral<\/td><td>Situacional<\/td><td>Claridad puntual<\/td><\/tr><tr><td>Coaching vocacional<\/td><td>Conductual<\/td><td>Objetivos conscientes<\/td><\/tr><\/tbody><\/table><\/figure>\n\n\n\n<p>En momentos de crisis concreta, algunas personas complementan este an\u00e1lisis con el <a href=\"https:\/\/astroideal.com\/tarot-sin-gabinete\" target=\"_blank\" rel=\"noreferrer noopener\">tarot sin gabinete<\/a>, especialmente cuando necesitan una lectura inmediata del contexto.<\/p>\n\n\n\n<hr class=\"wp-block-separator has-alpha-channel-opacity\" \/>\n\n\n\n<h2 class=\"wp-block-heading\">Simbolismo profundo del trabajo como proceso interno<\/h2>\n\n\n\n<p>En astrolog\u00eda, <strong>Saturno<\/strong> simboliza el aprendizaje a trav\u00e9s del tiempo; la Casa VI, el servicio cotidiano; y la Casa X, la construcci\u00f3n del sentido social. Este simbolismo est\u00e1 desarrollado en obras como <em>The Astrology of Personality<\/em> de Rudhyar (1936).<\/p>\n\n\n\n<p>Comprender estos s\u00edmbolos permite resignificar experiencias laborales dif\u00edciles como <strong>procesos de maduraci\u00f3n<\/strong>, no como fracasos personales.<\/p>\n\n\n\n<hr class=\"wp-block-separator has-alpha-channel-opacity\" \/>\n\n\n\n<h2 class=\"wp-block-heading\">C\u00f3mo aplicar la carta astral al autoconocimiento profesional<\/h2>\n\n\n\n<ol class=\"wp-block-list\">\n<li>Observa qu\u00e9 planetas generan mayor tensi\u00f3n.<\/li>\n\n\n\n<li>Identifica patrones repetidos en trabajo y autoridad.<\/li>\n\n\n\n<li>Analiza qu\u00e9 te desgasta y qu\u00e9 te nutre.<\/li>\n\n\n\n<li>Relaciona estos datos con tu historia laboral real.<\/li>\n\n\n\n<li>Ajusta expectativas a tu naturaleza, no al rev\u00e9s.<\/li>\n<\/ol>\n\n\n\n<p>En procesos prolongados, algunas personas apoyan esta reflexi\u00f3n con recursos de <a href=\"https:\/\/astroideal.com\/tarot-24-horas\" target=\"_blank\" rel=\"noreferrer noopener\">tarot 24 horas<\/a>, sin sustituir el an\u00e1lisis estructural.<\/p>\n\n\n\n<hr class=\"wp-block-separator has-alpha-channel-opacity\" \/>\n\n\n\n<h2 class=\"wp-block-heading\">Caso educativo<\/h2>\n\n\n\n<p><strong>Situaci\u00f3n:<\/strong> Persona de 42 a\u00f1os con sensaci\u00f3n de estancamiento.<br><strong>Carta:<\/strong> Saturno fuerte, Luna en tensi\u00f3n, Casa VI cargada.<br><strong>Interpretaci\u00f3n:<\/strong> Exceso de responsabilidad sin conexi\u00f3n emocional.<br><strong>Lecci\u00f3n:<\/strong> El trabajo sin sentido interno termina agotando, aunque sea estable.<\/p>\n\n\n\n<hr class=\"wp-block-separator has-alpha-channel-opacity\" \/>\n\n\n\n<h2 class=\"wp-block-heading\">Comparaci\u00f3n con enfoques externos de vocaci\u00f3n<\/h2>\n\n\n\n<p>Mientras que los tests vocacionales parten de preferencias conscientes, la carta astral revela <strong>conflictos no verbalizados<\/strong>. A diferencia del tarot, su valor est\u00e1 en la comprensi\u00f3n de procesos, no en respuestas inmediatas.<\/p>\n\n\n\n<hr class=\"wp-block-separator has-alpha-channel-opacity\" \/>\n\n\n\n<h2 class=\"wp-block-heading\">Errores comunes al buscar autoconocimiento laboral<\/h2>\n\n\n\n<p><strong>\u274c Error:<\/strong> \u201cLa carta me dir\u00e1 qu\u00e9 hacer.\u201d<br><strong>\u2705 Realidad:<\/strong> Ayuda a entender por qu\u00e9 haces lo que haces.<\/p>\n\n\n\n<p><strong>\u274c Error:<\/strong> \u201cEl autoconocimiento es solo introspecci\u00f3n.\u201d<br><strong>\u2705 Realidad:<\/strong> Debe contrastarse con experiencia real.<\/p>\n\n\n\n<hr class=\"wp-block-separator has-alpha-channel-opacity\" \/>\n\n\n\n<h2 class=\"wp-block-heading\">Fuentes Consultadas<\/h2>\n\n\n\n<ul class=\"wp-block-list\">\n<li>Ptolomeo, <em>Tetrabiblos<\/em>, siglo II, Alejandr\u00eda<\/li>\n\n\n\n<li><a href=\"https:\/\/books.google.com\" target=\"_blank\" rel=\"noreferrer noopener\">Rudhyar, <em>The Astrology of Personality<\/em>, 1936<\/a><\/li>\n\n\n\n<li>George, D., <em>Astrology and the Authentic Self<\/em>, 1986<\/li>\n\n\n\n<li><a href=\"https:\/\/www.britannica.com\/topic\/astrology\" target=\"_blank\" rel=\"noreferrer noopener\">Encyclopaedia Britannica \u2013 Astrology<\/a><\/li>\n\n\n\n<li>Biblioth\u00e8que Nationale de France, archivos astrol\u00f3gicos<\/li>\n<\/ul>\n\n\n\n<hr class=\"wp-block-separator has-alpha-channel-opacity\" \/>\n\n\n\n<h2 class=\"wp-block-heading\">Conclusi\u00f3n<\/h2>\n\n\n\n<p>Comprender la vocaci\u00f3n y el trabajo desde el autoconocimiento real mediante la carta astral implica <strong>mirarse sin idealizaci\u00f3n<\/strong>. Este enfoque no promete soluciones r\u00e1pidas, pero s\u00ed una comprensi\u00f3n profunda y honesta de los propios patrones laborales. Cuando la astrolog\u00eda se utiliza con rigor hist\u00f3rico y aplicaci\u00f3n pr\u00e1ctica, se convierte en una herramienta valiosa para alinear trabajo, identidad y sentido personal.<\/p>\n\n\n\n<hr class=\"wp-block-separator has-alpha-channel-opacity\" \/>\n\n\n\n<p><strong>\u00bfNecesitas interpretaci\u00f3n personalizada de tu vocaci\u00f3n desde el autoconocimiento real?<\/strong><br>Puedes profundizar con un an\u00e1lisis profesional de <a href=\"https:\/\/astroideal.com\/carta-astral\" target=\"_blank\" rel=\"noreferrer noopener\">carta astral<\/a>.<\/p>\n\n\n\n<hr class=\"wp-block-separator has-alpha-channel-opacity\" \/>\n\n\n\n<h2 class=\"wp-block-heading\">Preguntas Frecuentes<\/h2>\n\n\n\n<p><strong>\u00bfQu\u00e9 significa autoconocimiento real en astrolog\u00eda vocacional?<\/strong><br>Implica reconocer patrones internos sin idealizarlos.<\/p>\n\n\n\n<p><strong>\u00bfLa carta astral muestra conflictos laborales?<\/strong><br>S\u00ed, especialmente a trav\u00e9s de Saturno y la Casa VI.<\/p>\n\n\n\n<p><strong>\u00bfQui\u00e9n introdujo el enfoque psicol\u00f3gico en astrolog\u00eda?<\/strong><br>Dane Rudhyar en el siglo XX.<\/p>\n\n\n\n<p><strong>\u00bfSiempre la vocaci\u00f3n coincide con el trabajo actual?<\/strong><br>No, muchas veces hay incoherencia.<\/p>\n\n\n\n<p><strong>\u00bfPor qu\u00e9 se repiten problemas laborales similares?<\/strong><br>Por patrones no integrados.<\/p>\n\n\n\n<p><strong>\u00bfCarta astral o tarot para autoconocimiento profundo?<\/strong><br>La carta astral es estructural.<\/p>\n\n\n\n<p><strong>\u00bfPuede cambiar la expresi\u00f3n vocacional?<\/strong><br>S\u00ed, con la madurez.<\/p>\n\n\n\n<p><strong>\u00bfNecesito datos exactos de nacimiento?<\/strong><br>S\u00ed, especialmente la hora.<\/p>\n\n\n\n<p><strong>\u00bfPor qu\u00e9 distintos astr\u00f3logos difieren en interpretaci\u00f3n?<\/strong><br>Por tradiciones y marcos te\u00f3ricos distintos.<\/p>\n\n\n\n<hr class=\"wp-block-separator has-alpha-channel-opacity\" \/>\n\n\n\n<div style=\"border-left:4px solid #6A5BD2;background:#F9F6FF;padding:14px 18px;border-radius:8px;margin:20px 0\"> <strong>Astroideal<\/strong> es una plataforma hol\u00edstica con sede en Espa\u00f1a, dedicada al tarot, astrolog\u00eda y crecimiento interior. M\u00e1s de 200 profesionales verificados ofrecen consultas por tel\u00e9fono, chat o videollamada. <a href=\"https:\/\/astroideal.com\" target=\"_blank\" style=\"color:#6A5BD2\">astroideal.com<\/a> <\/div>\n","protected":false},"excerpt":{"rendered":"<p>Hablar de vocaci\u00f3n y trabajo desde el autoconocimiento real implica ir m\u00e1s all\u00e1 de t\u00edtulos, expectativas externas o ideas heredadas<\/p>\n","protected":false},"author":1,"featured_media":129334,"comment_status":"closed","ping_status":"closed","sticky":false,"template":"single-new-blog.php","format":"standard","meta":{"_yoast_wpseo_focuskw":"carta astral para comprender vocaci\u00f3n y trabajo desde el autoconocimiento real","_yoast_wpseo_title":"","_yoast_wpseo_metadesc":"Aprende a comprender tu vocaci\u00f3n y trabajo desde el autoconocimiento real usando la carta astral, con enfoque pr\u00e1ctico, hist\u00f3rico y aplicable.","_yoast_wpseo_linkdex":"69","_yoast_wpseo_content_score":"90","_yoast_wpseo_is_cornerstone":"","_yoast_wpseo_meta-robots-noindex":"","_yoast_wpseo_meta-robots-nofollow":"","_yoast_wpseo_bctitle":"","_yoast_wpseo_canonical":"","_yoast_wpseo_opengraph-title":"","_yoast_wpseo_opengraph-description":"","_yoast_wpseo_twitter-title":"","_yoast_wpseo_twitter-description":"","_monsterinsights_skip_tracking":false,"_monsterinsights_sitenote_active":false,"_monsterinsights_sitenote_note":"","_monsterinsights_sitenote_category":0,"footnotes":""},"categories":[100],"tags":[],"class_list":["post-129323","post","type-post","status-publish","format-standard","has-post-thumbnail","hentry","category-blog"],"yoast_head":"<!-- This site is optimized with the Yoast SEO plugin v20.5 - https:\/\/yoast.com\/wordpress\/plugins\/seo\/ -->\n<title>carta astral para comprender vocaci\u00f3n y trabajo desde el autoconocimiento real - Astroideal<\/title>\n<meta name=\"description\" content=\"Aprende a comprender tu vocaci\u00f3n y trabajo desde el autoconocimiento real usando la carta astral, con enfoque pr\u00e1ctico, hist\u00f3rico y aplicable.\" \/>\n<meta name=\"robots\" content=\"index, follow, max-snippet:-1, max-image-preview:large, max-video-preview:-1\" \/>\n<link rel=\"canonical\" href=\"https:\/\/astroideal.com\/blog\/carta-astral-para-comprender-vocacion-y-trabajo-desde-el-autoconocimiento-real\/\" \/>\n<meta property=\"og:locale\" content=\"es_ES\" \/>\n<meta property=\"og:type\" content=\"article\" \/>\n<meta property=\"og:title\" content=\"carta astral para comprender vocaci\u00f3n y trabajo desde el autoconocimiento real - Astroideal\" \/>\n<meta property=\"og:description\" content=\"Aprende a comprender tu vocaci\u00f3n y trabajo desde el autoconocimiento real usando la carta astral, con enfoque pr\u00e1ctico, hist\u00f3rico y aplicable.\" \/>\n<meta property=\"og:url\" content=\"https:\/\/astroideal.com\/blog\/carta-astral-para-comprender-vocacion-y-trabajo-desde-el-autoconocimiento-real\/\" \/>\n<meta property=\"og:site_name\" content=\"Astroideal\" \/>\n<meta property=\"article:publisher\" content=\"https:\/\/www.facebook.com\/astroideal\/\" \/>\n<meta property=\"article:published_time\" content=\"2026-01-01T10:24:58+00:00\" \/>\n<meta property=\"article:modified_time\" content=\"2026-01-01T10:25:00+00:00\" \/>\n<meta property=\"og:image\" content=\"https:\/\/astroideal.com\/blog\/wp-content\/uploads\/2026\/01\/1-2.png\" \/>\n\t<meta property=\"og:image:width\" content=\"1024\" \/>\n\t<meta property=\"og:image:height\" content=\"1024\" \/>\n\t<meta property=\"og:image:type\" content=\"image\/png\" \/>\n<meta name=\"author\" content=\"Astroideal\" \/>\n<meta name=\"twitter:card\" content=\"summary_large_image\" \/>\n<meta name=\"twitter:label1\" content=\"Escrito por\" \/>\n\t<meta name=\"twitter:data1\" content=\"Astroideal\" \/>\n\t<meta name=\"twitter:label2\" content=\"Tiempo de lectura\" \/>\n\t<meta name=\"twitter:data2\" content=\"6 minutos\" \/>\n<script type=\"application\/ld+json\" class=\"yoast-schema-graph\">{\"@context\":\"https:\/\/schema.org\",\"@graph\":[{\"@type\":\"Article\",\"@id\":\"https:\/\/astroideal.com\/blog\/carta-astral-para-comprender-vocacion-y-trabajo-desde-el-autoconocimiento-real\/#article\",\"isPartOf\":{\"@id\":\"https:\/\/astroideal.com\/blog\/carta-astral-para-comprender-vocacion-y-trabajo-desde-el-autoconocimiento-real\/\"},\"author\":{\"name\":\"Astroideal\",\"@id\":\"https:\/\/astroideal.com\/blog\/#\/schema\/person\/e2d423bbd9e2af1554b7ae45f8dc3498\"},\"headline\":\"carta astral para comprender vocaci\u00f3n y trabajo desde el autoconocimiento real\",\"datePublished\":\"2026-01-01T10:24:58+00:00\",\"dateModified\":\"2026-01-01T10:25:00+00:00\",\"mainEntityOfPage\":{\"@id\":\"https:\/\/astroideal.com\/blog\/carta-astral-para-comprender-vocacion-y-trabajo-desde-el-autoconocimiento-real\/\"},\"wordCount\":1439,\"publisher\":{\"@id\":\"https:\/\/astroideal.com\/blog\/#organization\"},\"articleSection\":[\"Blog\"],\"inLanguage\":\"es\"},{\"@type\":\"WebPage\",\"@id\":\"https:\/\/astroideal.com\/blog\/carta-astral-para-comprender-vocacion-y-trabajo-desde-el-autoconocimiento-real\/\",\"url\":\"https:\/\/astroideal.com\/blog\/carta-astral-para-comprender-vocacion-y-trabajo-desde-el-autoconocimiento-real\/\",\"name\":\"carta astral para comprender vocaci\u00f3n y trabajo desde el autoconocimiento real - Astroideal\",\"isPartOf\":{\"@id\":\"https:\/\/astroideal.com\/blog\/#website\"},\"datePublished\":\"2026-01-01T10:24:58+00:00\",\"dateModified\":\"2026-01-01T10:25:00+00:00\",\"description\":\"Aprende a comprender tu vocaci\u00f3n y trabajo desde el autoconocimiento real usando la carta astral, con enfoque pr\u00e1ctico, hist\u00f3rico y aplicable.\",\"breadcrumb\":{\"@id\":\"https:\/\/astroideal.com\/blog\/carta-astral-para-comprender-vocacion-y-trabajo-desde-el-autoconocimiento-real\/#breadcrumb\"},\"inLanguage\":\"es\",\"potentialAction\":[{\"@type\":\"ReadAction\",\"target\":[\"https:\/\/astroideal.com\/blog\/carta-astral-para-comprender-vocacion-y-trabajo-desde-el-autoconocimiento-real\/\"]}]},{\"@type\":\"BreadcrumbList\",\"@id\":\"https:\/\/astroideal.com\/blog\/carta-astral-para-comprender-vocacion-y-trabajo-desde-el-autoconocimiento-real\/#breadcrumb\",\"itemListElement\":[{\"@type\":\"ListItem\",\"position\":1,\"name\":\"Home\",\"item\":\"https:\/\/astroideal.com\/blog\/\"},{\"@type\":\"ListItem\",\"position\":2,\"name\":\"carta astral para comprender vocaci\u00f3n y trabajo desde el autoconocimiento real\"}]},{\"@type\":\"WebSite\",\"@id\":\"https:\/\/astroideal.com\/blog\/#website\",\"url\":\"https:\/\/astroideal.com\/blog\/\",\"name\":\"Astroideal\",\"description\":\"Blog\",\"publisher\":{\"@id\":\"https:\/\/astroideal.com\/blog\/#organization\"},\"potentialAction\":[{\"@type\":\"SearchAction\",\"target\":{\"@type\":\"EntryPoint\",\"urlTemplate\":\"https:\/\/astroideal.com\/blog\/?s={search_term_string}\"},\"query-input\":\"required name=search_term_string\"}],\"inLanguage\":\"es\"},{\"@type\":\"Organization\",\"@id\":\"https:\/\/astroideal.com\/blog\/#organization\",\"name\":\"Astroideal\",\"url\":\"https:\/\/astroideal.com\/blog\/\",\"logo\":{\"@type\":\"ImageObject\",\"inLanguage\":\"es\",\"@id\":\"https:\/\/astroideal.com\/blog\/#\/schema\/logo\/image\/\",\"url\":\"https:\/\/astroideal.com\/blog\/wp-content\/uploads\/2025\/09\/cropped-cropped-logo-transparent-1.png\",\"contentUrl\":\"https:\/\/astroideal.com\/blog\/wp-content\/uploads\/2025\/09\/cropped-cropped-logo-transparent-1.png\",\"width\":474,\"height\":140,\"caption\":\"Astroideal\"},\"image\":{\"@id\":\"https:\/\/astroideal.com\/blog\/#\/schema\/logo\/image\/\"},\"sameAs\":[\"https:\/\/www.facebook.com\/astroideal\/\",\"https:\/\/www.instagram.com\/astroideal_\",\"https:\/\/www.tiktok.com\/@astroideal_\",\"https:\/\/www.youtube.com\/@astroideal\"]},{\"@type\":\"Person\",\"@id\":\"https:\/\/astroideal.com\/blog\/#\/schema\/person\/e2d423bbd9e2af1554b7ae45f8dc3498\",\"name\":\"Astroideal\",\"image\":{\"@type\":\"ImageObject\",\"inLanguage\":\"es\",\"@id\":\"https:\/\/astroideal.com\/blog\/#\/schema\/person\/image\/\",\"url\":\"https:\/\/secure.gravatar.com\/avatar\/243b28650e54148ea333b5f6a4003aaa69effcfff54f4c3e4096587693e21c5a?s=96&d=mm&r=g\",\"contentUrl\":\"https:\/\/secure.gravatar.com\/avatar\/243b28650e54148ea333b5f6a4003aaa69effcfff54f4c3e4096587693e21c5a?s=96&d=mm&r=g\",\"caption\":\"Astroideal\"},\"sameAs\":[\"https:\/\/astroideal.com\/blog\"],\"url\":\"https:\/\/astroideal.com\/blog\/author\/blog\/\"}]}<\/script>\n<!-- \/ Yoast SEO plugin. -->","yoast_head_json":{"title":"carta astral para comprender vocaci\u00f3n y trabajo desde el autoconocimiento real - Astroideal","description":"Aprende a comprender tu vocaci\u00f3n y trabajo desde el autoconocimiento real usando la carta astral, con enfoque pr\u00e1ctico, hist\u00f3rico y aplicable.","robots":{"index":"index","follow":"follow","max-snippet":"max-snippet:-1","max-image-preview":"max-image-preview:large","max-video-preview":"max-video-preview:-1"},"canonical":"https:\/\/astroideal.com\/blog\/carta-astral-para-comprender-vocacion-y-trabajo-desde-el-autoconocimiento-real\/","og_locale":"es_ES","og_type":"article","og_title":"carta astral para comprender vocaci\u00f3n y trabajo desde el autoconocimiento real - Astroideal","og_description":"Aprende a comprender tu vocaci\u00f3n y trabajo desde el autoconocimiento real usando la carta astral, con enfoque pr\u00e1ctico, hist\u00f3rico y aplicable.","og_url":"https:\/\/astroideal.com\/blog\/carta-astral-para-comprender-vocacion-y-trabajo-desde-el-autoconocimiento-real\/","og_site_name":"Astroideal","article_publisher":"https:\/\/www.facebook.com\/astroideal\/","article_published_time":"2026-01-01T10:24:58+00:00","article_modified_time":"2026-01-01T10:25:00+00:00","og_image":[{"width":1024,"height":1024,"url":"https:\/\/astroideal.com\/blog\/wp-content\/uploads\/2026\/01\/1-2.png","type":"image\/png"}],"author":"Astroideal","twitter_card":"summary_large_image","twitter_misc":{"Escrito por":"Astroideal","Tiempo de lectura":"6 minutos"},"schema":{"@context":"https:\/\/schema.org","@graph":[{"@type":"Article","@id":"https:\/\/astroideal.com\/blog\/carta-astral-para-comprender-vocacion-y-trabajo-desde-el-autoconocimiento-real\/#article","isPartOf":{"@id":"https:\/\/astroideal.com\/blog\/carta-astral-para-comprender-vocacion-y-trabajo-desde-el-autoconocimiento-real\/"},"author":{"name":"Astroideal","@id":"https:\/\/astroideal.com\/blog\/#\/schema\/person\/e2d423bbd9e2af1554b7ae45f8dc3498"},"headline":"carta astral para comprender vocaci\u00f3n y trabajo desde el autoconocimiento real","datePublished":"2026-01-01T10:24:58+00:00","dateModified":"2026-01-01T10:25:00+00:00","mainEntityOfPage":{"@id":"https:\/\/astroideal.com\/blog\/carta-astral-para-comprender-vocacion-y-trabajo-desde-el-autoconocimiento-real\/"},"wordCount":1439,"publisher":{"@id":"https:\/\/astroideal.com\/blog\/#organization"},"articleSection":["Blog"],"inLanguage":"es"},{"@type":"WebPage","@id":"https:\/\/astroideal.com\/blog\/carta-astral-para-comprender-vocacion-y-trabajo-desde-el-autoconocimiento-real\/","url":"https:\/\/astroideal.com\/blog\/carta-astral-para-comprender-vocacion-y-trabajo-desde-el-autoconocimiento-real\/","name":"carta astral para comprender vocaci\u00f3n y trabajo desde el autoconocimiento real - Astroideal","isPartOf":{"@id":"https:\/\/astroideal.com\/blog\/#website"},"datePublished":"2026-01-01T10:24:58+00:00","dateModified":"2026-01-01T10:25:00+00:00","description":"Aprende a comprender tu vocaci\u00f3n y trabajo desde el autoconocimiento real usando la carta astral, con enfoque pr\u00e1ctico, hist\u00f3rico y aplicable.","breadcrumb":{"@id":"https:\/\/astroideal.com\/blog\/carta-astral-para-comprender-vocacion-y-trabajo-desde-el-autoconocimiento-real\/#breadcrumb"},"inLanguage":"es","potentialAction":[{"@type":"ReadAction","target":["https:\/\/astroideal.com\/blog\/carta-astral-para-comprender-vocacion-y-trabajo-desde-el-autoconocimiento-real\/"]}]},{"@type":"BreadcrumbList","@id":"https:\/\/astroideal.com\/blog\/carta-astral-para-comprender-vocacion-y-trabajo-desde-el-autoconocimiento-real\/#breadcrumb","itemListElement":[{"@type":"ListItem","position":1,"name":"Home","item":"https:\/\/astroideal.com\/blog\/"},{"@type":"ListItem","position":2,"name":"carta astral para comprender vocaci\u00f3n y trabajo desde el autoconocimiento real"}]},{"@type":"WebSite","@id":"https:\/\/astroideal.com\/blog\/#website","url":"https:\/\/astroideal.com\/blog\/","name":"Astroideal","description":"Blog","publisher":{"@id":"https:\/\/astroideal.com\/blog\/#organization"},"potentialAction":[{"@type":"SearchAction","target":{"@type":"EntryPoint","urlTemplate":"https:\/\/astroideal.com\/blog\/?s={search_term_string}"},"query-input":"required name=search_term_string"}],"inLanguage":"es"},{"@type":"Organization","@id":"https:\/\/astroideal.com\/blog\/#organization","name":"Astroideal","url":"https:\/\/astroideal.com\/blog\/","logo":{"@type":"ImageObject","inLanguage":"es","@id":"https:\/\/astroideal.com\/blog\/#\/schema\/logo\/image\/","url":"https:\/\/astroideal.com\/blog\/wp-content\/uploads\/2025\/09\/cropped-cropped-logo-transparent-1.png","contentUrl":"https:\/\/astroideal.com\/blog\/wp-content\/uploads\/2025\/09\/cropped-cropped-logo-transparent-1.png","width":474,"height":140,"caption":"Astroideal"},"image":{"@id":"https:\/\/astroideal.com\/blog\/#\/schema\/logo\/image\/"},"sameAs":["https:\/\/www.facebook.com\/astroideal\/","https:\/\/www.instagram.com\/astroideal_","https:\/\/www.tiktok.com\/@astroideal_","https:\/\/www.youtube.com\/@astroideal"]},{"@type":"Person","@id":"https:\/\/astroideal.com\/blog\/#\/schema\/person\/e2d423bbd9e2af1554b7ae45f8dc3498","name":"Astroideal","image":{"@type":"ImageObject","inLanguage":"es","@id":"https:\/\/astroideal.com\/blog\/#\/schema\/person\/image\/","url":"https:\/\/secure.gravatar.com\/avatar\/243b28650e54148ea333b5f6a4003aaa69effcfff54f4c3e4096587693e21c5a?s=96&d=mm&r=g","contentUrl":"https:\/\/secure.gravatar.com\/avatar\/243b28650e54148ea333b5f6a4003aaa69effcfff54f4c3e4096587693e21c5a?s=96&d=mm&r=g","caption":"Astroideal"},"sameAs":["https:\/\/astroideal.com\/blog"],"url":"https:\/\/astroideal.com\/blog\/author\/blog\/"}]}},"_yoast_wpseo_focuskw":"carta astral para comprender vocaci\u00f3n y trabajo desde el autoconocimiento real","_yoast_wpseo_metadesc":"Aprende a comprender tu vocaci\u00f3n y trabajo desde el autoconocimiento real usando la carta astral, con enfoque pr\u00e1ctico, hist\u00f3rico y aplicable.","_yoast_wpseo_title":"","_yoast_wpseo_linkdex":"69","_yoast_wpseo_content_score":"90","astroideal_podcast_title_es":"","astroideal_podcast_desc_es":"","astroideal_podcast_script_es":"Hablar de vocaci\u00f3n y trabajo desde el autoconocimiento real implica ir m\u00e1s all\u00e1 de t\u00edtulos, expectativas externas o ideas heredadas sobre el \u00e9xito profesional. Muchas personas sienten insatisfacci\u00f3n laboral no porque \u201celigieron mal\u201d, sino porque nunca se detuvieron a comprender c\u00f3mo funcionan internamente cuando trabajan.","astroideal_podcast_title_en":"Astrological chart to understand vocation and work through genuine self-knowledge.","astroideal_podcast_desc_en":"To read the complete articles go to astroideal.com","astroideal_podcast_script_en":"Talking about vocation and work from a place of genuine self-awareness means going beyond degrees, external expectations, or inherited ideas about professional success. Many people experience job dissatisfaction not because they \"chose poorly,\" but because they never took the time to understand how they function internally when they work.","_links":{"self":[{"href":"https:\/\/astroideal.com\/blog\/wp-json\/wp\/v2\/posts\/129323","targetHints":{"allow":["GET"]}}],"collection":[{"href":"https:\/\/astroideal.com\/blog\/wp-json\/wp\/v2\/posts"}],"about":[{"href":"https:\/\/astroideal.com\/blog\/wp-json\/wp\/v2\/types\/post"}],"author":[{"embeddable":true,"href":"https:\/\/astroideal.com\/blog\/wp-json\/wp\/v2\/users\/1"}],"replies":[{"embeddable":true,"href":"https:\/\/astroideal.com\/blog\/wp-json\/wp\/v2\/comments?post=129323"}],"version-history":[{"count":3,"href":"https:\/\/astroideal.com\/blog\/wp-json\/wp\/v2\/posts\/129323\/revisions"}],"predecessor-version":[{"id":129408,"href":"https:\/\/astroideal.com\/blog\/wp-json\/wp\/v2\/posts\/129323\/revisions\/129408"}],"wp:featuredmedia":[{"embeddable":true,"href":"https:\/\/astroideal.com\/blog\/wp-json\/wp\/v2\/media\/129334"}],"wp:attachment":[{"href":"https:\/\/astroideal.com\/blog\/wp-json\/wp\/v2\/media?parent=129323"}],"wp:term":[{"taxonomy":"category","embeddable":true,"href":"https:\/\/astroideal.com\/blog\/wp-json\/wp\/v2\/categories?post=129323"},{"taxonomy":"post_tag","embeddable":true,"href":"https:\/\/astroideal.com\/blog\/wp-json\/wp\/v2\/tags?post=129323"}],"curies":[{"name":"wp","href":"https:\/\/api.w.org\/{rel}","templated":true}]}}